




{"id":6497,"date":"2022-03-27T10:54:46","date_gmt":"2022-03-27T08:54:46","guid":{"rendered":"https:\/\/www.dr-mamczur.pl\/blog\/?p=6497"},"modified":"2022-04-10T10:46:02","modified_gmt":"2022-04-10T08:46:02","slug":"covid-19-d-dimery-i-zakrzep-w-tetniaku-tetnicy-podkolanowej","status":"publish","type":"post","link":"https:\/\/www.dr-mamczur.pl\/blog\/2022\/covid-19-d-dimery-i-zakrzep-w-tetniaku-tetnicy-podkolanowej\/","title":{"rendered":"COVID-19, D-dimery i &#8230;. zakrzep w t\u0119tniaku t\u0119tnicy podkolanowej."},"content":{"rendered":"<p>Czasem z algorytm\u00f3w wynika jedno, a znajdujemy niespodziewane rozpoznanie.<\/p>\n<p>Ostatnio diagnozowa\u0142em pacjenta w wieku 70 lat, wcze\u015bniej przez wiele lat pracowa\u0142 w pozycji stoj\u0105cej. Chory skar\u017cy\u0142 si\u0119 na z\u0142e samopoczucie po przebytej przed miesi\u0105cem infekcji Sars Cov-2. Bez duszno\u015bci, bez krwioplucia. Pacjent ma z \u017cylaki podudzi.<\/p>\n<p>Zleci\u0142em mi\u0119dzy innymi oznaczenie D-dimer\u00f3w. Wynik &#8211; 3370 (norma&lt;500). Spodziewaj\u0105c si\u0119 zakrzepowych zmian w \u017cylakach ko\u0144czyn dolnych i by\u0107 mo\u017ce\u00a0 towarzysz\u0105cej jej zatorowo\u015bci p\u0142ucnej zleci\u0142em badanie USG Dopppler naczy\u0144 ko\u0144czyn dolnych.<\/p>\n<p>Ku mojemu zaskoczeniu &#8211; w \u017cy\u0142ach nie stwierdzono zmian zakrzepowych, ale &#8230; stwierdzono na lewej t\u0119tnicy<a href=\"https:\/\/pulsmedycyny.pl\/tetniak-tetnicy-podkolanowej-880519\" target=\"_blank\" rel=\"noopener\"> podkolanowej\u00a0 t\u0119tnik<\/a> wielko\u015bci ok. 7 mm ze zmian\u0105 zakrzepow\u0105.<\/p>\n<p>Medycyna cz\u0119sto wymyka si\u0119 spod statystyk i uczy pokory. Nie zawsze to co najcz\u0119stsze i w algorytmie lub wytycznych powoduje chorob\u0119. Trzeba szuka\u0107 i my\u015ble\u0107 szerzej.<\/p>\n<p>Tak wi\u0119c: &#8220;Szukajcie, a znajdziecie&#8221;. Tylko, \u017ce mo\u017cemy znale\u017a\u0107 to,\u00a0 czego nie szukali\u015bmy :).<\/p>\n<p>&nbsp;<\/p>\n","protected":false},"excerpt":{"rendered":"<p>Czasem z algorytm\u00f3w wynika jedno, a znajdujemy niespodziewane rozpoznanie. Ostatnio diagnozowa\u0142em pacjenta w wieku 70 lat, wcze\u015bniej przez wiele lat pracowa\u0142 w pozycji stoj\u0105cej. Chory skar\u017cy\u0142 si\u0119 na z\u0142e samopoczucie po przebytej przed miesi\u0105cem infekcji Sars Cov-2. Bez duszno\u015bci, bez &hellip; <a href=\"https:\/\/www.dr-mamczur.pl\/blog\/2022\/covid-19-d-dimery-i-zakrzep-w-tetniaku-tetnicy-podkolanowej\/\">Czytaj dalej <span class=\"meta-nav\">&rarr;<\/span><\/a><\/p>\n","protected":false},"author":1,"featured_media":0,"comment_status":"closed","ping_status":"closed","sticky":false,"template":"","format":"standard","meta":[],"categories":[1],"tags":[],"_links":{"self":[{"href":"https:\/\/www.dr-mamczur.pl\/blog\/wp-json\/wp\/v2\/posts\/6497"}],"collection":[{"href":"https:\/\/www.dr-mamczur.pl\/blog\/wp-json\/wp\/v2\/posts"}],"about":[{"href":"https:\/\/www.dr-mamczur.pl\/blog\/wp-json\/wp\/v2\/types\/post"}],"author":[{"embeddable":true,"href":"https:\/\/www.dr-mamczur.pl\/blog\/wp-json\/wp\/v2\/users\/1"}],"replies":[{"embeddable":true,"href":"https:\/\/www.dr-mamczur.pl\/blog\/wp-json\/wp\/v2\/comments?post=6497"}],"version-history":[{"count":2,"href":"https:\/\/www.dr-mamczur.pl\/blog\/wp-json\/wp\/v2\/posts\/6497\/revisions"}],"predecessor-version":[{"id":6503,"href":"https:\/\/www.dr-mamczur.pl\/blog\/wp-json\/wp\/v2\/posts\/6497\/revisions\/6503"}],"wp:attachment":[{"href":"https:\/\/www.dr-mamczur.pl\/blog\/wp-json\/wp\/v2\/media?parent=6497"}],"wp:term":[{"taxonomy":"category","embeddable":true,"href":"https:\/\/www.dr-mamczur.pl\/blog\/wp-json\/wp\/v2\/categories?post=6497"},{"taxonomy":"post_tag","embeddable":true,"href":"https:\/\/www.dr-mamczur.pl\/blog\/wp-json\/wp\/v2\/tags?post=6497"}],"curies":[{"name":"wp","href":"https:\/\/api.w.org\/{rel}","templated":true}]}}