




{"id":5999,"date":"2021-05-14T10:42:57","date_gmt":"2021-05-14T08:42:57","guid":{"rendered":"https:\/\/www.dr-mamczur.pl\/blog\/?p=5999"},"modified":"2021-05-14T10:42:57","modified_gmt":"2021-05-14T08:42:57","slug":"choroba-fabryego-test-suchej-kropli-krwi","status":"publish","type":"post","link":"https:\/\/www.dr-mamczur.pl\/blog\/2021\/choroba-fabryego-test-suchej-kropli-krwi\/","title":{"rendered":"Choroba Fabrye&#8217;go &#8211; test suchej kropli krwi"},"content":{"rendered":"<p>Na stronie Medycyny Praktycznej stworzono mo\u017cliwo\u015b\u0107 bezp\u0142atnego otrzymania TESTU SUCHEJ KROPLI KRWI w kierunku choroby Fabrye&#8217;go i Pompego u pacjent\u00f3w z niewyja\u015bnionym przerostem mi\u0119\u015bnia sercowego<\/p>\n<p><a href=\"https:\/\/www.mp.pl\/neurologia\/choroby-rzadkie\/choroba-fabryego\/pytania\/252138,jak-wykonac-test-suchej-kropli-krwi\" target=\"_blank\" rel=\"noopener\">&#8220;Jak wykona\u0107 test suchej kropli krwi?&#8221;<\/a><\/p>\n<p>Warto te\u017c przeczyta\u0107<\/p>\n<h1 class=\"\"><a href=\"https:\/\/www.mp.pl\/neurologia\/choroby-rzadkie\/choroba-fabryego\/artykuly\/show.html?id=265514\" target=\"_blank\" rel=\"noopener\">Jakie czynniki mog\u0105 wp\u0142ywa\u0107 na uzyskiwane efekty zdrowotne u\u00a0chorych na chorob\u0119 Fabry\u2019ego stosuj\u0105cych enzymatyczn\u0105 terapi\u0119 zast\u0119pcz\u0105<\/a>?<\/h1>\n<p>&nbsp;<\/p>\n<h1 class=\"\"><a href=\"https:\/\/www.mp.pl\/neurologia\/choroby-rzadkie\/choroba-fabryego\/artykuly\/260700,manifestacja-choroby-fabryego-u-mlodych-chorych-z-udarem-niedokrwiennym-mozgu\" target=\"_blank\" rel=\"noopener\">Manifestacja choroby Fabry\u2019ego u\u00a0m\u0142odych chorych z\u00a0udarem niedokrwiennym m\u00f3zgu<\/a><\/h1>\n<h1 class=\"\"><a href=\"https:\/\/www.mp.pl\/neurologia\/choroby-rzadkie\/choroba-fabryego\/artykuly\/265446,skala-fastex-w-ocenie-progresji-objawow-choroby-fabryego\" target=\"_blank\" rel=\"noopener\">Skala FASTEX w\u00a0ocenie progresji objaw\u00f3w choroby Fabry\u2019ego<\/a><\/h1>\n<p>&nbsp;<\/p>\n<p>Warto te\u017c zobaczy\u0107 <a href=\"https:\/\/www.mp.pl\/kurier\/251436,sen-lekarza\" target=\"_blank\" rel=\"noopener\">Sen lekarza<\/a><\/p>\n<p>&nbsp;<\/p>\n<p>&nbsp;<\/p>\n","protected":false},"excerpt":{"rendered":"<p>Na stronie Medycyny Praktycznej stworzono mo\u017cliwo\u015b\u0107 bezp\u0142atnego otrzymania TESTU SUCHEJ KROPLI KRWI w kierunku choroby Fabrye&#8217;go i Pompego u pacjent\u00f3w z niewyja\u015bnionym przerostem mi\u0119\u015bnia sercowego &#8220;Jak wykona\u0107 test suchej kropli krwi?&#8221; Warto te\u017c przeczyta\u0107 Jakie czynniki mog\u0105 wp\u0142ywa\u0107 na uzyskiwane &hellip; <a href=\"https:\/\/www.dr-mamczur.pl\/blog\/2021\/choroba-fabryego-test-suchej-kropli-krwi\/\">Czytaj dalej <span class=\"meta-nav\">&rarr;<\/span><\/a><\/p>\n","protected":false},"author":1,"featured_media":0,"comment_status":"closed","ping_status":"closed","sticky":false,"template":"","format":"standard","meta":[],"categories":[1],"tags":[],"_links":{"self":[{"href":"https:\/\/www.dr-mamczur.pl\/blog\/wp-json\/wp\/v2\/posts\/5999"}],"collection":[{"href":"https:\/\/www.dr-mamczur.pl\/blog\/wp-json\/wp\/v2\/posts"}],"about":[{"href":"https:\/\/www.dr-mamczur.pl\/blog\/wp-json\/wp\/v2\/types\/post"}],"author":[{"embeddable":true,"href":"https:\/\/www.dr-mamczur.pl\/blog\/wp-json\/wp\/v2\/users\/1"}],"replies":[{"embeddable":true,"href":"https:\/\/www.dr-mamczur.pl\/blog\/wp-json\/wp\/v2\/comments?post=5999"}],"version-history":[{"count":1,"href":"https:\/\/www.dr-mamczur.pl\/blog\/wp-json\/wp\/v2\/posts\/5999\/revisions"}],"predecessor-version":[{"id":6000,"href":"https:\/\/www.dr-mamczur.pl\/blog\/wp-json\/wp\/v2\/posts\/5999\/revisions\/6000"}],"wp:attachment":[{"href":"https:\/\/www.dr-mamczur.pl\/blog\/wp-json\/wp\/v2\/media?parent=5999"}],"wp:term":[{"taxonomy":"category","embeddable":true,"href":"https:\/\/www.dr-mamczur.pl\/blog\/wp-json\/wp\/v2\/categories?post=5999"},{"taxonomy":"post_tag","embeddable":true,"href":"https:\/\/www.dr-mamczur.pl\/blog\/wp-json\/wp\/v2\/tags?post=5999"}],"curies":[{"name":"wp","href":"https:\/\/api.w.org\/{rel}","templated":true}]}}