




{"id":4913,"date":"2020-09-24T09:52:38","date_gmt":"2020-09-24T09:52:38","guid":{"rendered":"https:\/\/www.dr-mamczur.pl\/blog\/?p=4913"},"modified":"2020-09-25T08:23:25","modified_gmt":"2020-09-25T08:23:25","slug":"tularemia-w-polsce-do-30-przypadkow-rocznie","status":"publish","type":"post","link":"https:\/\/www.dr-mamczur.pl\/blog\/2020\/tularemia-w-polsce-do-30-przypadkow-rocznie\/","title":{"rendered":"Tularemia (choroba odkleszczowa) &#8211; w Polsce &#8211; do 30 przypadk\u00f3w rocznie"},"content":{"rendered":"<p>Wed\u0142ug Narodowy Instytut Zdrowia Publicznego \u2013 Pa\u0144stwowego Zak\u0142adu Higieny<br \/>\n(Zak\u0142ad Epidemiologii Chor\u00f3b Zaka\u017anych i Nadzoru &#8211; &#8220;<b>Choroby zaka\u017ane i zatrucia w Polsce\u201d<\/b> (biuletyn r<a href=\"http:\/\/wwwold.pzh.gov.pl\/oldpage\/epimeld\/2018\/Ch_2018.pdf\" target=\"_blank\" rel=\"noopener noreferrer\">oczny za 2018<\/a> r) w Polsce odnotowano w 2017 r. 30 przypadk\u00f3w a w 2018 r.\u00a0 &#8211; 17 nowych zachorowa\u0144 na <a href=\"https:\/\/www.mp.pl\/pacjent\/choroby-zakazne\/choroby\/zakazenia-bakteryjne\/164070,tularemia\" target=\"_blank\" rel=\"noopener noreferrer\">tularemi\u0119<\/a> (A21). Jest to choroba z<a href=\"https:\/\/psseproszowice.wsse.krakow.pl\/index.php\/obszary-dzialan\/nadzor-sanitarny\/89-epidemiologia\/477-obowiazek-zglaszania-chorob-zakaznych-przez-lekarzy-i-felczerow\" target=\"_blank\" rel=\"noopener noreferrer\">aka\u017ana obj\u0119ta obowi\u0105zkiem zg\u0142aszana<\/a> do PSSE. Czy ma\u0142a ilo\u015b\u0107 zg\u0142osze\u0144 spowodowana jest niewielka liczb\u0105 zachorowa\u0144, czy te\u017c choroba jest ma\u0142o znana przez lekarzy (szczeg\u00f3lnie jako tzw. choroba odkleszczowa &#8211; bo &#8211; borelioz\u0119 zna ka\u017cdy), czy te\u017c rzadko zleca si\u0119 testy diagnostyczne? Trzeba zauwa\u017cy\u0107, \u017ce popularne obecne testy przesiewowe w kierunku chor\u00f3b <a href=\"https:\/\/diag.pl\/sklep\/badania\/panel-infekcji-odkleszczowych-tbev-b-burgdorferi-a-phagocytophillum-e-chaffeensis-e-muris-met-pcr\/\" target=\"_blank\" rel=\"noopener noreferrer\">odkleszczowych<\/a> nie obejmuj\u0105 tularemii!!.<\/p>\n<p>Choroba chyba nale\u017cy do tych, kt\u00f3re, <strong>aby je znale\u017a\u0107, trzeba wiedzie\u0107, czego si\u0119 szuka<\/strong> (podobnie jak w chorobach genetycznych, chlamydiozach czy gru\u017alicy). Nie wystarczy zleci\u0107 podstawowe badania. Trzeba wiedzie\u0107, jakie testy nale\u017cy wykona\u0107. Poza tym wiele laboratori\u00f3w nie wykonuje takich analiz.<\/p>\n<p><a href=\"https:\/\/www.pzh.gov.pl\/strona-glowna\/choroby-odkleszczowe\/choroby-odkleszczowe\/tularemia\/\" target=\"_blank\" rel=\"noopener noreferrer\">Tularmi\u0119<\/a> (zwan\u0105 te\u017c &#8220;<strong>gor\u0105czk\u0105 zaj\u0119cz\u0105<\/strong>) bra\u0142em pod uwag\u0119 w rozpoznaniu r\u00f3\u017cnicowym u mojego pacjenta cierpi\u0105cego od roku na nietypowe zmiany w jamie ustnej. Wczoraj otrzyma\u0142em dodatnie wyniki przeciwcia\u0142 p-ko tularemii w klasach IgA, IgM i niewielkie w klasie IgG. Poinformowa\u0142em o tym PSSE. Chory zosta\u0142 poproszony o pilne zg\u0142oszenie si\u0119\u00a0 do lekarza chor\u00f3b zaka\u017anych. Obraz\u00a0 choroby u tego pacjenta mo\u017ce by\u0107 zamazany, poniewa\u017c chory ju\u017c wcze\u015bniej od innych lekarzy otrzymywa\u0142 antybiotyki o szerokim spektrum dzia\u0142ania. Niestety leczenie tularemii wymaga stosowania odpowiedniego leku i to d\u0142ugo, bo przez 14-21 dni. Zwykle s\u0105 to grupy antybiotyk\u00f3w o wi\u0119kszej liczbie objaw\u00f3w ubocznych. Dlatego te\u017c przed w\u0142\u0105czeniem leczenia powinno si\u0119 uzyska\u0107 potwierdzenie choroby badaniami mikrobiologicznymi (<strong>Uwaga trzeba uprzedza\u0107 laboratoria o materiale zaka\u017anym!<\/strong>) lub <strong>badaniem<\/strong><a href=\"https:\/\/www.pzh.gov.pl\/molekularne-wykrywanie-francisella-tularensis-w-materiale-klinicznym-metoda-pcr\/\" target=\"_blank\" rel=\"noopener noreferrer\"><strong> PCR<\/strong> &#8211;<\/a> prawdopodobnie wykonuje to badanie laboratorium PZH w Warszawie. <a href=\"https:\/\/www.pzh.gov.pl\/molekularne-wykrywanie-francisella-tularensis-w-materiale-klinicznym-metoda-pcr\/\" target=\"_blank\" rel=\"noopener noreferrer\">(Osoba kontaktowa: prof. dr hab. Aleksandra Zasada, mgr Kamila Formi\u0144ska. Tel. 22 5421263 <\/a><\/p>\n<p>&#8220;Tularemia jest przenoszona bezpo\u015brednio i po\u015brednio przez wod\u0119, pokarmy, powietrze, <strong>kleszcze<\/strong> i niekt\u00f3re stawonogi. W Europie Centralnej nosicielem <em>Francisella tularensis<\/em> s\u0105 kleszcze z rodzaju <em>Dermacentor reticulatus<\/em> i <em>Ixodes ricinus<\/em>. Rezerwuarem zarazka s\u0105 ma\u0142e gryzonie, myszy, szczury, wiewi\u00f3rki, <strong>zaj\u0105ce<\/strong>, kr\u00f3liki, lisy, <strong>zwierz\u0119ta domowe<\/strong> oraz stawonogi od\u017cywiaj\u0105ce si\u0119 krwi\u0105. <strong>Cz\u0142owiek zara\u017ca si\u0119 przez uk\u0142ucie zaka\u017conych stawonog\u00f3w<\/strong> np. kleszczy, poprzez kontakt bezpo\u015bredni (sk\u00f3ra, b\u0142ony \u015bluzowe), d<strong>rog\u0105 pokarmow\u0105<\/strong> i <strong>wziewn\u0105<\/strong>. <span style=\"color: #ff0000;\"><strong>Tularemia nie przenosi si\u0119 bezpo\u015brednio z cz\u0142owieka na cz\u0142owieka.<\/strong><\/span> W miejscu wnikni\u0119cia pojawia si\u0119 n<strong>aciek lub rumie\u0144 guzowaty.<\/strong> Bakterie dostaj\u0105 si\u0119 do r\u00f3\u017cnych narz\u0105d\u00f3w: w\u0105troby, \u015bledziony, p\u0142uc, op\u0142ucnej, nerek, w\u0119z\u0142\u00f3w ch\u0142onnych&#8221;<\/p>\n<p>(\u017ar\u00f3d\u0142o:<a href=\"https:\/\/www.pzh.gov.pl\/strona-glowna\/choroby-odkleszczowe\/choroby-odkleszczowe\/tularemia\/\" target=\"_blank\" rel=\"noopener noreferrer\">Tularemia PZH<\/a>).<\/p>\n<p><b>Do zaka\u017cenia ludzi dochodzi te\u017c<b> <\/b>uk\u0105szenia tzw. lataj\u0105cych kleszczy (<b>tj.\u00a0<\/b> <\/b>much jelenich = <a href=\"https:\/\/www.poradnikzdrowie.pl\/zdrowie\/choroby-pasozytnicze\/strzyzak-jeleni-sarni-kleszcz-ze-skrzydlami-objawy-ukaszenia-aa-dXGL-mCtg-Yth7.html\" target=\"_blank\" rel=\"noopener noreferrer\">strzy\u017cak jeleni<\/a>)<\/p>\n<p>Tak\u0105 much\u0119 mia\u0142em nieprzyjemno\u015b\u0107 &#8220;go\u015bci\u0107&#8221; na swojej r\u0119ce (zdj\u0119cie obok- przepraszam za ostro\u015b\u0107 &#8211; wielko\u015b\u0107 &#8220;kleszcza kilka milimetr\u00f3w) po spacerze (2020) w lesie niedaleko \u0141odzi (\u017babiczki ko\u0142o Konstantynowa \u0141\u00f3dzkiego). Muchy jelenie (strzy\u017cak jeleni) lataj\u0105 du\u017cymi grupami. Zaraz po dotarciu do ofiary trac\u0105 skrzyd\u0142a). Czyli uwaga &#8220;muchy&#8221; w lesie!<a href=\"https:\/\/www.dr-mamczur.pl\/blog\/2020\/tularemia-w-polsce-do-30-przypadkow-rocznie\/mucha-jelenia-zabiczki\/\" rel=\"attachment wp-att-4916\"><img loading=\"lazy\" class=\"aligncenter wp-image-4916\" src=\"https:\/\/www.dr-mamczur.pl\/blog\/wp-content\/uploads\/2020\/09\/mucha-jelenia-Zabiczki.jpg\" alt=\"\" width=\"323\" height=\"312\" srcset=\"https:\/\/www.dr-mamczur.pl\/blog\/wp-content\/uploads\/2020\/09\/mucha-jelenia-Zabiczki.jpg 1002w, https:\/\/www.dr-mamczur.pl\/blog\/wp-content\/uploads\/2020\/09\/mucha-jelenia-Zabiczki-300x289.jpg 300w, https:\/\/www.dr-mamczur.pl\/blog\/wp-content\/uploads\/2020\/09\/mucha-jelenia-Zabiczki-768x740.jpg 768w, https:\/\/www.dr-mamczur.pl\/blog\/wp-content\/uploads\/2020\/09\/mucha-jelenia-Zabiczki-311x300.jpg 311w\" sizes=\"(max-width: 323px) 100vw, 323px\" \/><\/a><a href=\"https:\/\/www.dr-mamczur.pl\/blog\/2020\/tularemia-w-polsce-do-30-przypadkow-rocznie\/20200628_194710\/\" rel=\"attachment wp-att-4923\"><img loading=\"lazy\" class=\"aligncenter wp-image-4923\" src=\"https:\/\/www.dr-mamczur.pl\/blog\/wp-content\/uploads\/2020\/09\/20200628_194710-scaled.jpg\" alt=\"\" width=\"376\" height=\"216\" \/><\/a><\/p>\n<p>Osobnym potencjalnym sposobem ekspozycji jest <strong>bioterroryzm<\/strong> ze wzgl\u0119du na ma\u0142\u0105 liczb\u0119 (10-50) bakterii konieczn\u0105 do wywo\u0142ania choroby. Bakterie mog\u0105 wnika\u0107 do organizmu cz\u0142owieka przez sk\u00f3r\u0119, oczy, jam\u0119 ustn\u0105 lub p\u0142uca.&#8221; &#8220;Nie opisano \u017cadnego przypadku transmisji zaka\u017cenia z cz\u0142owieka na cz\u0142owieka. Epidemie tularemii rozwija\u0142y si\u0119 w przesz\u0142o\u015bci na przyk\u0142ad za po\u015brednictwem chomik\u00f3w zakupionych w sklepach zoologicznych..&#8221;<\/p>\n<p>&nbsp;<\/p>\n<p>&nbsp;<\/p>\n","protected":false},"excerpt":{"rendered":"<p>Wed\u0142ug Narodowy Instytut Zdrowia Publicznego \u2013 Pa\u0144stwowego Zak\u0142adu Higieny (Zak\u0142ad Epidemiologii Chor\u00f3b Zaka\u017anych i Nadzoru &#8211; &#8220;Choroby zaka\u017ane i zatrucia w Polsce\u201d (biuletyn roczny za 2018 r) w Polsce odnotowano w 2017 r. 30 przypadk\u00f3w a w 2018 r.\u00a0 &#8211; &hellip; <a href=\"https:\/\/www.dr-mamczur.pl\/blog\/2020\/tularemia-w-polsce-do-30-przypadkow-rocznie\/\">Czytaj dalej <span class=\"meta-nav\">&rarr;<\/span><\/a><\/p>\n","protected":false},"author":1,"featured_media":0,"comment_status":"closed","ping_status":"closed","sticky":false,"template":"","format":"standard","meta":[],"categories":[1,22,4],"tags":[],"_links":{"self":[{"href":"https:\/\/www.dr-mamczur.pl\/blog\/wp-json\/wp\/v2\/posts\/4913"}],"collection":[{"href":"https:\/\/www.dr-mamczur.pl\/blog\/wp-json\/wp\/v2\/posts"}],"about":[{"href":"https:\/\/www.dr-mamczur.pl\/blog\/wp-json\/wp\/v2\/types\/post"}],"author":[{"embeddable":true,"href":"https:\/\/www.dr-mamczur.pl\/blog\/wp-json\/wp\/v2\/users\/1"}],"replies":[{"embeddable":true,"href":"https:\/\/www.dr-mamczur.pl\/blog\/wp-json\/wp\/v2\/comments?post=4913"}],"version-history":[{"count":11,"href":"https:\/\/www.dr-mamczur.pl\/blog\/wp-json\/wp\/v2\/posts\/4913\/revisions"}],"predecessor-version":[{"id":4927,"href":"https:\/\/www.dr-mamczur.pl\/blog\/wp-json\/wp\/v2\/posts\/4913\/revisions\/4927"}],"wp:attachment":[{"href":"https:\/\/www.dr-mamczur.pl\/blog\/wp-json\/wp\/v2\/media?parent=4913"}],"wp:term":[{"taxonomy":"category","embeddable":true,"href":"https:\/\/www.dr-mamczur.pl\/blog\/wp-json\/wp\/v2\/categories?post=4913"},{"taxonomy":"post_tag","embeddable":true,"href":"https:\/\/www.dr-mamczur.pl\/blog\/wp-json\/wp\/v2\/tags?post=4913"}],"curies":[{"name":"wp","href":"https:\/\/api.w.org\/{rel}","templated":true}]}}