




{"id":1381,"date":"2013-09-04T12:05:15","date_gmt":"2013-09-04T12:05:15","guid":{"rendered":"https:\/\/www.dr-mamczur.pl\/blog\/?p=1381"},"modified":"2019-08-29T16:22:07","modified_gmt":"2019-08-29T16:22:07","slug":"post-hoc-non-est-propter-hoc-os-czasu","status":"publish","type":"post","link":"https:\/\/www.dr-mamczur.pl\/blog\/2013\/post-hoc-non-est-propter-hoc-os-czasu\/","title":{"rendered":"Post hoc non est propter hoc &#8211; o\u015b czasu"},"content":{"rendered":"<h2 id=\"firstHeading\" lang=\"pl\">&#8220;Post hoc non est propter hoc&#8221; &#8211; czyli &#8220;potem (po tym) nie znaczy dlatego&#8221;<\/h2>\n<p>Zbieraj\u0105c wywiad chorobowy staramy si\u0119 zachowa\u0107 chronologi\u0119 zdarze\u0144. Szukamy <span style=\"text-decoration: underline;\">zwi\u0105zk\u00f3w przyczynowo &#8211; skutkowych<\/span> w rozwoju jednostek chorobowych. Znalezienie przyczyny mo\u017ce pozwoli\u0107 stale dzia\u0142aj\u0105cy czynnik sprawczy i zapobiec dalszemu rozwojowi choroby (np. mied\u017a w kanalizacji, czy choroby zawodowe).<\/p>\n<p>W tym procesie posi\u0142kuj\u0119 si\u0119<span style=\"text-decoration: underline;\"><strong> osi\u0105 czasu. <\/strong><\/span>W\u0142a\u015bnie stosowa\u0142em j\u0105 u chorej z wieloletnim post\u0119puj\u0105cym zanikiem mi\u0119\u015bni i pora\u017ceniem nerw\u00f3w ko\u0144czyn g\u00f3rnych w celu ustalenie, czy jest to stwardnienie zanikowe boczne, czy tej np. zesp\u00f3\u0142 ucisku t\u0119tnicy rdzeniowej przedniej.<\/p>\n<p>Umieszczam na osi kolejno pojawiaj\u0105ce si\u0119 objawy lub wyniki bada\u0144 wraz z ich odchyleniami od normy. Analizuj\u0105c p\u00f3\u017aniej o\u015b czasu stawiam sobie pytania, czy obecne objawy chorobowe\u00a0 maj\u0105 swoj\u0105 przyczyn\u0119 w zdarzeniach z przesz\u0142o\u015bci, czy te\u017c s\u0105 od nich niezale\u017cne.<\/p>\n<p>W\u0105tpliwo\u015bci wypisuj\u0119 pod osi\u0105 i u\u017cywam ich do dalszej diagnostyki r\u00f3\u017cnicowej. Bardzo trzeba uwa\u017ca\u0107, aby nie pope\u0142ni\u0107 cz\u0119stego b\u0142\u0119du logicznego rozumowania. Zdarzenia, kt\u00f3re pojawi\u0142y si\u0119 p\u00f3\u017aniej, nie musz\u0105 by\u0107 spowodowane czym\u015b co wydarzy\u0142o si\u0119 wcze\u015bniej. Wiedziano o tym ju\u017c od dawna. Stad \u0142aci\u0144ska maksyma &#8220;post hoc non est propter hoc&#8221; . Najlepszym,troch\u0119\u00a0 dowcipnym\u00a0 przyk\u0142adem jest fakt wschodu s\u0142o\u0144ca po pianiu koguta. S\u0142o\u0144ce nie wstaje dlatego, \u017ce zapia\u0142 kogut, tylko ptak potrafi wyczu\u0107 z wyprzedzeniem wsch\u00f3d s\u0142o\u0144ca i dlatego pieje. W mie\u015bcie , mimo braku kogut\u00f3w te\u017c wstaje s\u0142o\u0144ce \ud83d\ude42<\/p>\n<p>2000\u00a0\u00a0\u00a0\u00a0\u00a0\u00a0\u00a0\u00a0\u00a0\u00a0\u00a0\u00a0\u00a0\u00a0\u00a0\u00a0\u00a0\u00a0\u00a0 \u00a0 \u00a0\u00a0 \u00a0 2005\u00a0\u00a0\u00a0\u00a0\u00a0\u00a0\u00a0\u00a0\u00a0\u00a0\u00a0\u00a0\u00a0\u00a0\u00a0\u00a0\u00a0\u00a0\u00a0\u00a0\u00a0\u00a0 2010\u00a0\u00a0\u00a0\u00a0\u00a0\u00a0\u00a0\u00a0\u00a0\u00a0\u00a0\u00a0\u00a0\u00a0\u00a0\u00a0\u00a0\u00a0\u00a0\u00a0\u00a0 2013<\/p>\n<p>&#8212;&#8211;X&#8212;&#8212;&#8212;&#8212;&#8212;&#8212;&#8212;&#8211;X&#8212;&#8212;&#8212;&#8212;&#8212;&#8212;&#8211;X&#8212;&#8212;&#8212;&#8212;&#8212;&#8211;X&#8212;&#8212;&#8212;&#8212;&#8212;&#8212;&#8212;&#8212;-&gt;<\/p>\n<p>objaw A\u00a0\u00a0\u00a0\u00a0\u00a0\u00a0\u00a0\u00a0 \u00a0 \u00a0 \u00a0 \u00a0 \u00a0 \u00a0 \u00a0\u00a0 \u00a0 Objaw B\u00a0\u00a0\u00a0\u00a0\u00a0\u00a0\u00a0\u00a0\u00a0\u00a0\u00a0\u00a0\u00a0\u00a0\u00a0\u00a0\u00a0\u00a0 objaw C\u00a0\u00a0\u00a0\u00a0\u00a0\u00a0\u00a0\u00a0\u00a0\u00a0\u00a0\u00a0\u00a0\u00a0\u00a0\u00a0 nasilony objaw C<\/p>\n<p>objaw B\u00a0\u00a0\u00a0\u00a0\u00a0\u00a0\u00a0\u00a0\u00a0\u00a0\u00a0\u00a0\u00a0\u00a0\u00a0\u00a0\u00a0\u00a0\u00a0\u00a0\u00a0\u00a0\u00a0\u00a0\u00a0\u00a0\u00a0\u00a0 objaw B<\/p>\n<p>Pytanie:?<\/p>\n<p>1. Czy objaw (rozpoznanie A) jest w\u0142a\u015bciwe ? (np. rozpoznanie przy krwawieniu z odbytu z owrzodzeniami\u00a0 w odbytnicy jest to colitis ulcerosa (niepotwierdzone hist-pat), a mo\u017ce s\u0105 to owrzodzenia polekowe w czasie leczenia \u017cylak\u00f3w odbytu)<\/p>\n<p>2. Czy objaw B jest spowodowany A czy bez zwi\u0105zku.<\/p>\n<p>3. Czy objaw C jest niezale\u017cny, czy wywo\u0142any przyczyn\u0105 A lub B albo obiema jednocze\u015bnie.<\/p>\n<p>4. Czy nasilanie objaw\u00f3w C w 2013 &#8211; to naturalny przebieg choroby C, czy ma zwi\u0105zek z A, B. itd.<\/p>\n<p>5. Czy objaw B wyst\u0119puje <strong>cyklicznie<\/strong> (pora roku, w po\u0142\u0105czeniu np. z objawem C, po jakich\u015b lekach, w okre\u015blonych miejscach, czy sytuacjach itd.) (np. trzeciaczka, malaria)<\/p>\n<p>My\u015bl\u0119, \u017ce taki sam schemat mo\u017cna zastosowa\u0107 w pracy adwokata, policjanta , bieg\u0142ych i innych analizach przyczynowo- skutkowych<\/p>\n<p>Uzupe\u0142nienie<\/p>\n<p>18-11-2018<\/p>\n<p>Polecam wyst\u0105pienie statystyka Janiny B\u0105k na TEDx Koszalin z 6 lutego 2018 r. nt. znaczenia statystyki w badaniach naukowych pokazuj\u0105cych zwi\u0105zki przyczynowo skutkowe \ud83d\ude42<a href=\"https:\/\/www.dr-mamczur.pl\/blog\/2013\/post-hoc-non-est-propter-hoc-os-czasu\/nobel-a-czekolada\/\" rel=\"attachment wp-att-2921\"><img loading=\"lazy\" class=\"aligncenter wp-image-2921\" src=\"https:\/\/www.dr-mamczur.pl\/blog\/wp-content\/uploads\/2013\/09\/Nobel-a-czekolada.jpg\" alt=\"\" width=\"421\" height=\"437\" srcset=\"https:\/\/www.dr-mamczur.pl\/blog\/wp-content\/uploads\/2013\/09\/Nobel-a-czekolada.jpg 838w, https:\/\/www.dr-mamczur.pl\/blog\/wp-content\/uploads\/2013\/09\/Nobel-a-czekolada-289x300.jpg 289w, https:\/\/www.dr-mamczur.pl\/blog\/wp-content\/uploads\/2013\/09\/Nobel-a-czekolada-768x797.jpg 768w\" sizes=\"(max-width: 421px) 100vw, 421px\" \/><\/a><\/p>\n<h4 class=\"title style-scope ytd-video-primary-info-renderer\"><a href=\"https:\/\/www.youtube.com\/watch?v=4DruxASC1kM\" target=\"_blank\" rel=\"noopener noreferrer\">Ile trzeba zje\u015b\u0107 czekolady, \u017ceby dosta\u0107 Nobla? | Janina B\u0105k | TEDxKoszalin<\/a><\/h4>\n<p>Uzupe\u0142nienie 28-8-2019<\/p>\n<p><a href=\"https:\/\/www.dr-mamczur.pl\/blog\/2019\/tajemnice-warsztatu-diagnostycznego-prof-dr-jurgena-schafera\/os-czasu\/\" rel=\"attachment wp-att-3378\"><img loading=\"lazy\" class=\"aligncenter size-full wp-image-3378\" src=\"https:\/\/www.dr-mamczur.pl\/blog\/wp-content\/uploads\/2019\/04\/o\u015b-czasu.jpg\" alt=\"\" width=\"960\" height=\"720\" srcset=\"https:\/\/www.dr-mamczur.pl\/blog\/wp-content\/uploads\/2019\/04\/o\u015b-czasu.jpg 960w, https:\/\/www.dr-mamczur.pl\/blog\/wp-content\/uploads\/2019\/04\/o\u015b-czasu-300x225.jpg 300w, https:\/\/www.dr-mamczur.pl\/blog\/wp-content\/uploads\/2019\/04\/o\u015b-czasu-768x576.jpg 768w, https:\/\/www.dr-mamczur.pl\/blog\/wp-content\/uploads\/2019\/04\/o\u015b-czasu-400x300.jpg 400w\" sizes=\"(max-width: 960px) 100vw, 960px\" \/><\/a><a href=\"https:\/\/www.dr-mamczur.pl\/blog\/2013\/post-hoc-non-est-propter-hoc-os-czasu\/os-czasu-exel\/\" rel=\"attachment wp-att-3778\"><img loading=\"lazy\" class=\"aligncenter size-full wp-image-3778\" src=\"https:\/\/www.dr-mamczur.pl\/blog\/wp-content\/uploads\/2013\/09\/o\u015b-czasu-Exel.jpg\" alt=\"\" width=\"960\" height=\"720\" srcset=\"https:\/\/www.dr-mamczur.pl\/blog\/wp-content\/uploads\/2013\/09\/o\u015b-czasu-Exel.jpg 960w, https:\/\/www.dr-mamczur.pl\/blog\/wp-content\/uploads\/2013\/09\/o\u015b-czasu-Exel-300x225.jpg 300w, https:\/\/www.dr-mamczur.pl\/blog\/wp-content\/uploads\/2013\/09\/o\u015b-czasu-Exel-768x576.jpg 768w, https:\/\/www.dr-mamczur.pl\/blog\/wp-content\/uploads\/2013\/09\/o\u015b-czasu-Exel-400x300.jpg 400w\" sizes=\"(max-width: 960px) 100vw, 960px\" \/><\/a><\/p>\n<p>O\u015b czasu potrafi nam pokaza\u0107, kiedy pojawi\u0142y si\u0119 objawy PRODROMALNE,\u00a0 czy choroba jest ostra, czy przewlek\u0142a, czy jest to jej faza pierwotna, \u015brodkowa, zaawansowana, czy przebiega z okresami remisji, jak nasilone s\u0105 poszczeg\u00f3lne objawy (zw\u0142aszcza w korelacji z przyjmowanymi lekami, jakie s\u0105 &#8220;skoki warto\u015bci objaw\u00f3w) b\u00f3l, gor\u0105czka (np. w malarii)<\/p>\n<p><a href=\"https:\/\/www.dr-mamczur.pl\/blog\/2013\/post-hoc-non-est-propter-hoc-os-czasu\/os-czasu-choroba-kawasaki-2\/\" rel=\"attachment wp-att-3806\"><img loading=\"lazy\" class=\"aligncenter size-full wp-image-3806\" src=\"https:\/\/www.dr-mamczur.pl\/blog\/wp-content\/uploads\/2013\/09\/o\u015b-czasu-choroba-Kawasaki-1.jpg\" alt=\"\" width=\"960\" height=\"720\" srcset=\"https:\/\/www.dr-mamczur.pl\/blog\/wp-content\/uploads\/2013\/09\/o\u015b-czasu-choroba-Kawasaki-1.jpg 960w, https:\/\/www.dr-mamczur.pl\/blog\/wp-content\/uploads\/2013\/09\/o\u015b-czasu-choroba-Kawasaki-1-300x225.jpg 300w, https:\/\/www.dr-mamczur.pl\/blog\/wp-content\/uploads\/2013\/09\/o\u015b-czasu-choroba-Kawasaki-1-768x576.jpg 768w, https:\/\/www.dr-mamczur.pl\/blog\/wp-content\/uploads\/2013\/09\/o\u015b-czasu-choroba-Kawasaki-1-400x300.jpg 400w\" sizes=\"(max-width: 960px) 100vw, 960px\" \/><\/a>O\u015b czasu z na\u0142o\u017conymi r\u00f3\u017cnymi skalami (jakby kilka wykres\u00f3w z osia czasu, ale warto\u015bci bezwzgl\u0119dne poszczeg\u00f3lnych objaw\u00f3w mog\u0105 si\u0119 r\u00f3\u017cni\u0107 miedzy objawami<\/p>\n","protected":false},"excerpt":{"rendered":"<p>&#8220;Post hoc non est propter hoc&#8221; &#8211; czyli &#8220;potem (po tym) nie znaczy dlatego&#8221; Zbieraj\u0105c wywiad chorobowy staramy si\u0119 zachowa\u0107 chronologi\u0119 zdarze\u0144. Szukamy zwi\u0105zk\u00f3w przyczynowo &#8211; skutkowych w rozwoju jednostek chorobowych. Znalezienie przyczyny mo\u017ce pozwoli\u0107 stale dzia\u0142aj\u0105cy czynnik sprawczy i &hellip; <a href=\"https:\/\/www.dr-mamczur.pl\/blog\/2013\/post-hoc-non-est-propter-hoc-os-czasu\/\">Czytaj dalej <span class=\"meta-nav\">&rarr;<\/span><\/a><\/p>\n","protected":false},"author":1,"featured_media":0,"comment_status":"open","ping_status":"closed","sticky":false,"template":"","format":"standard","meta":[],"categories":[4,5],"tags":[],"_links":{"self":[{"href":"https:\/\/www.dr-mamczur.pl\/blog\/wp-json\/wp\/v2\/posts\/1381"}],"collection":[{"href":"https:\/\/www.dr-mamczur.pl\/blog\/wp-json\/wp\/v2\/posts"}],"about":[{"href":"https:\/\/www.dr-mamczur.pl\/blog\/wp-json\/wp\/v2\/types\/post"}],"author":[{"embeddable":true,"href":"https:\/\/www.dr-mamczur.pl\/blog\/wp-json\/wp\/v2\/users\/1"}],"replies":[{"embeddable":true,"href":"https:\/\/www.dr-mamczur.pl\/blog\/wp-json\/wp\/v2\/comments?post=1381"}],"version-history":[{"count":16,"href":"https:\/\/www.dr-mamczur.pl\/blog\/wp-json\/wp\/v2\/posts\/1381\/revisions"}],"predecessor-version":[{"id":3807,"href":"https:\/\/www.dr-mamczur.pl\/blog\/wp-json\/wp\/v2\/posts\/1381\/revisions\/3807"}],"wp:attachment":[{"href":"https:\/\/www.dr-mamczur.pl\/blog\/wp-json\/wp\/v2\/media?parent=1381"}],"wp:term":[{"taxonomy":"category","embeddable":true,"href":"https:\/\/www.dr-mamczur.pl\/blog\/wp-json\/wp\/v2\/categories?post=1381"},{"taxonomy":"post_tag","embeddable":true,"href":"https:\/\/www.dr-mamczur.pl\/blog\/wp-json\/wp\/v2\/tags?post=1381"}],"curies":[{"name":"wp","href":"https:\/\/api.w.org\/{rel}","templated":true}]}}